{"id":1065,"date":"2015-03-10T11:30:02","date_gmt":"2015-03-10T11:30:02","guid":{"rendered":"http:\/\/blackbulls.com.pt\/?p=1065"},"modified":"2015-07-17T11:33:36","modified_gmt":"2015-07-17T10:33:36","slug":"fim-de-semana-btt-e-trail","status":"publish","type":"post","link":"https:\/\/blackbulls.pt\/?p=1065","title":{"rendered":"Fim de semana BTT e Trail"},"content":{"rendered":"<p>Equipa de BTT, com bom arranque de \u00c9poca.<\/p>\n<p>O n\u00facleo de Ciclismo BlackBulls\/Clube de Condeixa\/CNI\/Neutura iniciou a \u00e9poca de BTT com excelentes presta\u00e7\u00f5es na 1\u00aa prova da ta\u00e7a regional do centro de XCM.<\/p>\n<p>A Equipa esteve presente no V BTT Rota de S\u00e3o Tiago na Pocari\u00e7a, representada por 7 Atletas, onde se destaca o brilhante 2\u00ba lugar de Isabel Gaspar em Master Femininos, fazendo jus \u00e0 comemora\u00e7\u00e3o do dia da mulher.<\/p>\n<div class=\"text_exposed_show\">\n<p>Tamb\u00e9m os nossos Atletas masculinos estiveram em evid\u00eancia tendo obtido os seguintes resultados:<\/p>\n<p>Elites Masculino:<\/p>\n<p>Diniz Monteiro \u2013 17\u00ba lugar;<\/p>\n<p>Nelson Janeiro \u2013 19\u00ba lugar<\/p>\n<p>Master 30:<\/p>\n<p>Andr\u00e9 Ramos \u2013 4\u00ba lugar<\/p>\n<p>Jos\u00e9 Lopes \u2013 8\u00ba lugar<\/p>\n<p>Nuno Paiva \u2013 14\u00ba lugar<\/p>\n<p>Master 40:<\/p>\n<p>Rui Ventura: 10\u00ba lugar<\/p>\n<p>Tamb\u00e9m um grupo de Atletas se deslocou ao 6\u00ba BTT Sobe e Desce, dos nos Amigos C\u00e3es de Ca\u00e7a, tendo participado na meia maratona.<\/p>\n<p>Entre muita divers\u00e3o, conv\u00edvio e rever de velhas amizades, aqui fica o resultado dos nossos Atletas:<\/p>\n<p>Rui Madeira \u2013 20\u00ba lugar<\/p>\n<p>Jo\u00e3o Miguel Pedreiro \u2013 27\u00ba lugar<\/p>\n<p>Leonel Ramos \u2013 29\u00ba lugar<\/p>\n<p>Miguel Ferreira \u2013 56\u00ba lugar<\/p>\n<p>Pedro Carvalho \u2013 61\u00ba lugar<\/p>\n<p>Tiago Antunes \u2013 62\u00ba lugar<\/p>\n<p>Destaque ainda para Jo\u00e3o Gois a participar na Maratona dos Trilhos da A\u00e7afa \u2013 BTT Vila Velha do Rod\u00e3o, a terminar em 19\u00ba lugar.<\/p>\n<p>Tamb\u00e9m no Duatlo a Equipa esteve mais uma vez ao mais alto n\u00edvel, com os seguintes p\u00f3dios:<\/p>\n<p>T\u00f3-Z\u00e9 Ferreira \u2013 1\u00ba Classificado em V1<\/p>\n<p>Gary Blesson \u2013 1\u00ba Classificado em V2<\/p>\n<p>Destaque ainda para as magnificas presta\u00e7\u00f5es de Rui Batista a ocupar o 16\u00ba posto em V1 e Nuno Tinoco, que devido a erro da organiza\u00e7\u00e3o n\u00e3o pontuou, tendo terminado num magn\u00edfico 26\u00ba lugar \u00e0 geral.<\/p>\n<p>Destaque ainda para a 11\u00aa posi\u00e7\u00e3o por equipas, apesar da n\u00e3o contabiliza\u00e7\u00e3o de Nuno Tinoco.<\/p>\n<p>A todos os Atletas em provas, endere\u00e7amos os nossos parab\u00e9ns<\/p>\n<p><a href=\"http:\/\/blackbulls.pt\/wp-content\/uploads\/2015\/07\/11044512_605392229605606_5585309639221249371_n.png\"><img loading=\"lazy\" class=\"alignnone size-medium wp-image-1066\" src=\"http:\/\/blackbulls.pt\/wp-content\/uploads\/2015\/07\/11044512_605392229605606_5585309639221249371_n-300x225.png\" alt=\"11044512_605392229605606_5585309639221249371_n\" width=\"300\" height=\"225\" srcset=\"https:\/\/blackbulls.pt\/wp-content\/uploads\/2015\/07\/11044512_605392229605606_5585309639221249371_n-300x225.png 300w, https:\/\/blackbulls.pt\/wp-content\/uploads\/2015\/07\/11044512_605392229605606_5585309639221249371_n.png 720w\" sizes=\"(max-width: 300px) 100vw, 300px\" \/><\/a> <a href=\"http:\/\/blackbulls.pt\/wp-content\/uploads\/2015\/07\/984290_605392222938940_7344170179966891678_n.png\"><img loading=\"lazy\" class=\"alignnone size-medium wp-image-1067\" src=\"http:\/\/blackbulls.pt\/wp-content\/uploads\/2015\/07\/984290_605392222938940_7344170179966891678_n-300x169.png\" alt=\"984290_605392222938940_7344170179966891678_n\" width=\"300\" height=\"169\" srcset=\"https:\/\/blackbulls.pt\/wp-content\/uploads\/2015\/07\/984290_605392222938940_7344170179966891678_n-300x169.png 300w, https:\/\/blackbulls.pt\/wp-content\/uploads\/2015\/07\/984290_605392222938940_7344170179966891678_n.png 720w\" sizes=\"(max-width: 300px) 100vw, 300px\" \/><\/a><\/p>\n<p><a href=\"http:\/\/blackbulls.pt\/wp-content\/uploads\/2015\/07\/11036266_605392429605586_9034298051660625440_n.png\"><img loading=\"lazy\" class=\"alignnone size-medium wp-image-1068\" src=\"http:\/\/blackbulls.pt\/wp-content\/uploads\/2015\/07\/11036266_605392429605586_9034298051660625440_n-300x200.png\" alt=\"11036266_605392429605586_9034298051660625440_n\" width=\"300\" height=\"200\" srcset=\"https:\/\/blackbulls.pt\/wp-content\/uploads\/2015\/07\/11036266_605392429605586_9034298051660625440_n-300x200.png 300w, https:\/\/blackbulls.pt\/wp-content\/uploads\/2015\/07\/11036266_605392429605586_9034298051660625440_n.png 960w\" sizes=\"(max-width: 300px) 100vw, 300px\" \/><\/a> <a href=\"http:\/\/blackbulls.pt\/wp-content\/uploads\/2015\/07\/11037259_605391992938963_2539823239320805184_n.png\"><img loading=\"lazy\" class=\"alignnone size-medium wp-image-1069\" src=\"http:\/\/blackbulls.pt\/wp-content\/uploads\/2015\/07\/11037259_605391992938963_2539823239320805184_n-300x200.png\" alt=\"11037259_605391992938963_2539823239320805184_n\" width=\"300\" height=\"200\" srcset=\"https:\/\/blackbulls.pt\/wp-content\/uploads\/2015\/07\/11037259_605391992938963_2539823239320805184_n-300x200.png 300w, https:\/\/blackbulls.pt\/wp-content\/uploads\/2015\/07\/11037259_605391992938963_2539823239320805184_n.png 472w\" sizes=\"(max-width: 300px) 100vw, 300px\" \/><\/a><\/p>\n<p><a href=\"http:\/\/blackbulls.pt\/wp-content\/uploads\/2015\/07\/11038404_605392159605613_3162607394667003018_n.png\"><img loading=\"lazy\" class=\"alignnone size-medium wp-image-1070\" src=\"http:\/\/blackbulls.pt\/wp-content\/uploads\/2015\/07\/11038404_605392159605613_3162607394667003018_n-300x225.png\" alt=\"11038404_605392159605613_3162607394667003018_n\" width=\"300\" height=\"225\" srcset=\"https:\/\/blackbulls.pt\/wp-content\/uploads\/2015\/07\/11038404_605392159605613_3162607394667003018_n-300x225.png 300w, https:\/\/blackbulls.pt\/wp-content\/uploads\/2015\/07\/11038404_605392159605613_3162607394667003018_n.png 320w\" sizes=\"(max-width: 300px) 100vw, 300px\" \/><\/a> <a href=\"http:\/\/blackbulls.pt\/wp-content\/uploads\/2015\/07\/11054521_605392182938944_7722931043623989805_n.png\"><img loading=\"lazy\" class=\"alignnone size-medium wp-image-1071\" src=\"http:\/\/blackbulls.pt\/wp-content\/uploads\/2015\/07\/11054521_605392182938944_7722931043623989805_n-300x180.png\" alt=\"11054521_605392182938944_7722931043623989805_n\" width=\"300\" height=\"180\" srcset=\"https:\/\/blackbulls.pt\/wp-content\/uploads\/2015\/07\/11054521_605392182938944_7722931043623989805_n-300x180.png 300w, https:\/\/blackbulls.pt\/wp-content\/uploads\/2015\/07\/11054521_605392182938944_7722931043623989805_n.png 450w\" sizes=\"(max-width: 300px) 100vw, 300px\" \/><\/a><\/p>\n<\/div>\n<p>&nbsp;<\/p>\n","protected":false},"excerpt":{"rendered":"<p>Equipa de BTT, com bom arranque de \u00c9poca. O n\u00facleo de Ciclismo [&hellip;]<\/p>\n","protected":false},"author":1,"featured_media":1069,"comment_status":"closed","ping_status":"open","sticky":false,"template":"","format":"standard","meta":[],"categories":[1],"tags":[],"_links":{"self":[{"href":"https:\/\/blackbulls.pt\/index.php?rest_route=\/wp\/v2\/posts\/1065"}],"collection":[{"href":"https:\/\/blackbulls.pt\/index.php?rest_route=\/wp\/v2\/posts"}],"about":[{"href":"https:\/\/blackbulls.pt\/index.php?rest_route=\/wp\/v2\/types\/post"}],"author":[{"embeddable":true,"href":"https:\/\/blackbulls.pt\/index.php?rest_route=\/wp\/v2\/users\/1"}],"replies":[{"embeddable":true,"href":"https:\/\/blackbulls.pt\/index.php?rest_route=%2Fwp%2Fv2%2Fcomments&post=1065"}],"version-history":[{"count":1,"href":"https:\/\/blackbulls.pt\/index.php?rest_route=\/wp\/v2\/posts\/1065\/revisions"}],"predecessor-version":[{"id":1072,"href":"https:\/\/blackbulls.pt\/index.php?rest_route=\/wp\/v2\/posts\/1065\/revisions\/1072"}],"wp:featuredmedia":[{"embeddable":true,"href":"https:\/\/blackbulls.pt\/index.php?rest_route=\/wp\/v2\/media\/1069"}],"wp:attachment":[{"href":"https:\/\/blackbulls.pt\/index.php?rest_route=%2Fwp%2Fv2%2Fmedia&parent=1065"}],"wp:term":[{"taxonomy":"category","embeddable":true,"href":"https:\/\/blackbulls.pt\/index.php?rest_route=%2Fwp%2Fv2%2Fcategories&post=1065"},{"taxonomy":"post_tag","embeddable":true,"href":"https:\/\/blackbulls.pt\/index.php?rest_route=%2Fwp%2Fv2%2Ftags&post=1065"}],"curies":[{"name":"wp","href":"https:\/\/api.w.org\/{rel}","templated":true}]}}